{"id":118,"date":"2015-02-04T19:38:38","date_gmt":"2015-02-04T18:38:38","guid":{"rendered":"http:\/\/www.nicolaigreschny.net\/?p=118"},"modified":"2015-02-04T19:40:06","modified_gmt":"2015-02-04T18:40:06","slug":"yves-rouquette-nous-a-quitte","status":"publish","type":"post","link":"https:\/\/www.nicolaigreschny.net\/?p=118","title":{"rendered":"Yves Rouquette nous a quitt\u00e9"},"content":{"rendered":"<p>Le monde occitan est en deuil depuis la disparation d\u2019Yves Rouquette \u00e0 son domicile de Camar\u00e8s dans l\u2019Aveyron.<\/p>\n<p><img decoding=\"async\" src=\"http:\/\/www.nicolaigreschny.net\/images\/news\/yves_rouquette.jpg\" alt=\"Yves Rouquette\" \/><\/p>\n<p>Nous perdons l\u00e0 une figure incontournable de la d\u00e9fense de notre culture ancr\u00e9e sur le terrain social.<\/p>\n<p>\u2028Il avait fond\u00e9 la revue Viure avant d\u2019animer le mouvement \u00ab\u00a0Volem Viure al Pais\u00a0\u00bb, mouvement autonomiste des ann\u00e9es 70 largement impliqu\u00e9 dans les luttes du Larzac puis dans les conflits sociaux dans le monde de la vigne.<br \/>\n\u2028Il \u00e9tait aussi largement impliqu\u00e9 sur le terrain culturel en Languedoc\u00a0: maison de disque Ventadorn, Centre Interr\u00e9gional de D\u00e9veloppement de l\u2019Occitan (Cirdoc). Auteur de recueil de po\u00e9sie, de romans, de pi\u00e8ces de th\u00e9\u00e2tre, de traductions, il a aussi particip\u00e9 \u00e0 l\u2019\u00e9mergence des premi\u00e8res calandretas, \u00e9coles occitanes.\u2028\u00a0\u2028Il revendiquait une langue et une culture vivante dans un pays libre, autonome, qui puisse d\u00e9cider de son avenir, cette Occitanie qu\u2019il portait au c\u0153ur.<br \/>\nA son \u00e9pouse Marie Rouanet, nous disons notre amiti\u00e9.<\/p>\n<p>Yves tenait une chronique hebdomadaire dans La D\u00e9p\u00eache du Midi. L&rsquo;une d&rsquo;elle fut consacr\u00e9e \u00e0 Nicola\u00ef Greschny :<\/p>\n<p><strong><u>GRESCHNY, RUSSE D\u2019OCCITANIE<\/u><\/strong><\/p>\n<p>Greschny, Nicola\u00ef Greschny, vous ne le connaissez pas ? H\u00e2tez-vous de le d\u00e9couvrir. Il y a bien 150 \u00e9glises o\u00f9 il vous attend, peintes par lui \u00e0 la fresque, en totalit\u00e9 ou en partie. Dans l\u2019Albigeois o\u00f9 il v\u00e9cut, dans le Biterrois o\u00f9 il prit femme, le nord-ouest de l\u2019Aveyron o\u00f9 des pr\u00eatres, l\u00e9gers d\u2019argent mais amoureux du beau, le firent travailler dans la grande tradition de l\u2019Eglise d\u2019Orient. C\u2019est, je vous le garantis, pour vos yeux l\u2019enchantement, pour votre \u00e2me de croyant ou d\u2019agnostique la joie qui vous attendent.<\/p>\n<p>Renseignez-vous \u00e0 Saint-Victor-et-Melvieu, en Aveyron o\u00f9 l\u2019on est fier d\u2019avoir dans son village une de ses plus achev\u00e9es r\u00e9alisations. Les phylact\u00e8res y parlent le latin de l\u2019Eglise romaine et l\u2019occitan de Saint-Victor. A l\u2019Escapade des Raspes, on vous dira les rendez-vous qu\u2019il ne faut pas manquer avec cet artiste singulier, moderniste et traditionnel, irr\u00e9prochable th\u00e9ologien en images, capable de tirer parti de n\u2019importe quelle architecture pour dire la gloire de son Dieu sur un mode aussi dr\u00f4le que grave.<\/p>\n<p>Avec Greschny, les murs et les vo\u00fbtes chantent lyriquement, somptueusement, sans emphase, que la seule gloire de Dieu, \u00e0 travers les deux Testaments, c\u2019est l\u2019homme vivant et debout en J\u00e9sus le fils de Marie. Depuis le premier jour du monde jusqu\u2019\u00e0 l\u2019Eternit\u00e9 d\u2019ici-bas et d\u2019apr\u00e8s. Un dieu beau d\u2019\u00eatre bon, indulgent, accueillant aux fils prodigues et aux ouvriers de la onzi\u00e8me heure, aux filles perdues et aux larrons de bonne volont\u00e9. Un dieu dont il n\u2019y a rien \u00e0 craindre et tout \u00e0 esp\u00e9rer, mille fois plus aimable que les plus belles beaut\u00e9s du panth\u00e9on des Grecs.<\/p>\n<p>J\u2019avais \u00e0 peine quitt\u00e9 l\u2019enfance quand pour la premi\u00e8re fois, je vis une fresque de lui dans le r\u00e9fectoire d\u2019un minuscule pensionnat de gar\u00e7ons \u00e0 La Fouillade. J\u00e9sus y multipliait les pains et les poissons pour des enfants affam\u00e9s en chemisette et en culotte courte ; les pensionnaires qu\u2019il avait fait entrer avec leur ma\u00eetre de musique ensoutan\u00e9, tels quels, dans le temps \u00e9vang\u00e9lique.<\/p>\n<p>Ces gar\u00e7ons, c\u2019\u00e9tait moi. Le peintre me faisait contemporain de J\u00e9sus. J\u2019allais l\u2019\u00eatre constamment. A la cr\u00e8che, sur les chemins de Galil\u00e9e, le lac de Tib\u00e9riade, les noces de Cana, le Jourdain, la P\u00e2que, le Golgotha, chaque fois que j\u2019entrerais dans une \u00e9glise enlumin\u00e9e par lui. Contemporain, aussi, de la fin des temps et des f\u00eates \u00e9ternelles d\u2019apr\u00e8s.<\/p>\n<p>Le visionnaire de l\u2019Invisible, ce jubilant conteur, ce contemplatif toujours en travail \u00e9tait russe comme Roubleev, Dosto\u00efevski, Essenine ou Pasternak. Son p\u00e8re \u00e9tait pr\u00eatre, peintre d\u2019\u00e9glises et d\u2019ic\u00f4nes. Il dut fuir avec sa famille la Russie des Soviets o\u00f9, d\u00e8s 1918, L\u00e9nine pers\u00e9cutait les croyants. Avec lui, Nicola\u00ef ne cessa plus de parcourir l\u2019Europe : l\u2019Autriche d\u2019avant l\u2019Anschluss, la Belgique avant l\u2019invasion nazie, le nord de la France occup\u00e9e, incapable de supporter les tyrans ennemis de l\u2019homme libre.<\/p>\n<p>Il voulait, lui aussi, \u00eatre pr\u00eatre. A Toulouse, il \u00e9tudia la th\u00e9ologie. Mais il entendait bien, comme dans sa Russie natale, prendre femme et avoir des enfants. L\u2019Eglise romaine refusa de l\u2019ordonner. Il se maria et peignit, pour 3 francs 6 sous, joyeusement, d\u00e9votement, les merveilles qui l\u2019habitaient. Allez les voir. L\u2019homme de peu de foi et de maigre esp\u00e9rance que je suis vous l\u2019affirme : vous ne serez pas d\u00e9\u00e7us.<\/p>\n<p>Yves Rouquette<\/p>\n","protected":false},"excerpt":{"rendered":"<p>Le monde occitan est en deuil depuis la disparation d\u2019Yves Rouquette \u00e0 son domicile de Camar\u00e8s dans l\u2019Aveyron. Nous perdons l\u00e0 une figure incontournable de la d\u00e9fense de notre culture ancr\u00e9e sur le terrain social. \u2028Il avait fond\u00e9 la revue Viure avant d\u2019animer le mouvement \u00ab\u00a0Volem Viure al Pais\u00a0\u00bb, mouvement autonomiste des ann\u00e9es 70 largement [&hellip;]<\/p>\n","protected":false},"author":1,"featured_media":0,"comment_status":"open","ping_status":"open","sticky":false,"template":"","format":"standard","meta":{"footnotes":""},"categories":[1],"tags":[],"class_list":["post-118","post","type-post","status-publish","format-standard","hentry","category-non-classe"],"_links":{"self":[{"href":"https:\/\/www.nicolaigreschny.net\/index.php?rest_route=\/wp\/v2\/posts\/118","targetHints":{"allow":["GET"]}}],"collection":[{"href":"https:\/\/www.nicolaigreschny.net\/index.php?rest_route=\/wp\/v2\/posts"}],"about":[{"href":"https:\/\/www.nicolaigreschny.net\/index.php?rest_route=\/wp\/v2\/types\/post"}],"author":[{"embeddable":true,"href":"https:\/\/www.nicolaigreschny.net\/index.php?rest_route=\/wp\/v2\/users\/1"}],"replies":[{"embeddable":true,"href":"https:\/\/www.nicolaigreschny.net\/index.php?rest_route=%2Fwp%2Fv2%2Fcomments&post=118"}],"version-history":[{"count":6,"href":"https:\/\/www.nicolaigreschny.net\/index.php?rest_route=\/wp\/v2\/posts\/118\/revisions"}],"predecessor-version":[{"id":124,"href":"https:\/\/www.nicolaigreschny.net\/index.php?rest_route=\/wp\/v2\/posts\/118\/revisions\/124"}],"wp:attachment":[{"href":"https:\/\/www.nicolaigreschny.net\/index.php?rest_route=%2Fwp%2Fv2%2Fmedia&parent=118"}],"wp:term":[{"taxonomy":"category","embeddable":true,"href":"https:\/\/www.nicolaigreschny.net\/index.php?rest_route=%2Fwp%2Fv2%2Fcategories&post=118"},{"taxonomy":"post_tag","embeddable":true,"href":"https:\/\/www.nicolaigreschny.net\/index.php?rest_route=%2Fwp%2Fv2%2Ftags&post=118"}],"curies":[{"name":"wp","href":"https:\/\/api.w.org\/{rel}","templated":true}]}}